{"id":1290,"date":"2026-03-06T13:39:43","date_gmt":"2026-03-06T12:39:43","guid":{"rendered":"https:\/\/www.xxl-sicherheit.de\/blog\/?p=1290"},"modified":"2026-03-06T13:39:44","modified_gmt":"2026-03-06T12:39:44","slug":"blick-nach-vorne-die-eventplanung-fuer-2026-hat-laengst-begonnen","status":"publish","type":"post","link":"https:\/\/www.xxl-sicherheit.de\/blog\/blick-nach-vorne-die-eventplanung-fuer-2026-hat-laengst-begonnen\/","title":{"rendered":"Blick nach vorne: Die Eventplanung f\u00fcr 2026 hat l\u00e4ngst begonnen"},"content":{"rendered":"\n<p class=\"has-black-color has-white-background-color has-text-color has-background has-link-color wp-elements-e2f46e6f2ed113640b38675079096eef\">W\u00e4hrend f\u00fcr viele Menschen das Jahr gerade erst richtig Fahrt aufnimmt, laufen bei uns bereits die Vorbereitungen f\u00fcr die gro\u00dfen Veranstaltungen im <strong>Fr\u00fchjahr und Sommer 2026<\/strong> auf Hochtouren. In der Event- und Veranstaltungssicherheit beginnt die eigentliche Arbeit oft viele Monate vor dem ersten Besucher \u2013 mit Planung, Abstimmungen und der Entwicklung passgenauer Sicherheitskonzepte.<\/p>\n\n\n\n<p class=\"has-black-color has-white-background-color has-text-color has-background has-link-color wp-elements-d43cc2ac48c680ed67e2757709c83515\">Auch in diesem Jahr d\u00fcrfen wir wieder eine Vielzahl spannender Projekte begleiten. Dazu z\u00e4hlt unter anderem der traditionsreiche <strong>Porsche Tennis Grand Prix<\/strong>, bei dem internationale Spitzensportlerinnen in der <strong>Porsche Arena<\/strong> um den Titel und einen Porsche als Hauptpreis k\u00e4mpfen. F\u00fcr uns bedeutet das eine fr\u00fchzeitige Planung von Zutrittskonzepten, Besucherstr\u00f6men und Sicherheitsabl\u00e4ufen rund um ein Event mit internationaler Strahlkraft.<\/p>\n\n\n\n<p class=\"has-black-color has-white-background-color has-text-color has-background has-link-color wp-elements-b0fd36b684e126c0a12375b91f2608c0\">Ein weiteres Highlight im ersten Halbjahr ist das <strong>Internationales Stra\u00dfenfest Sindelfingen<\/strong>. \u00dcber mehrere Tage hinweg verwandelt sich die Innenstadt in eine gro\u00dfe Festmeile mit B\u00fchnen, Gastronomie und tausenden Besucherinnen und Besuchern. Solche Veranstaltungen erfordern eine besonders enge Abstimmung mit Beh\u00f6rden, Rettungsdiensten, Feuerwehr, Polizei und der Veranstaltungsleitung, um einen sicheren Ablauf zu gew\u00e4hrleisten.<\/p>\n\n\n\n<p class=\"has-black-color has-white-background-color has-text-color has-background has-link-color wp-elements-d70180387a64f94e8a05b5d07903fda7\">Auch das <strong>Stuttgarter Lichterfestival<\/strong> z\u00e4hlt zu den traditionsreichen Sommerveranstaltungen der Region. Mit Lichtinstallationen, Musik, gastronomischen Angeboten und einem gro\u00dfen Feuerwerk zieht das Event jedes Jahr zahlreiche G\u00e4ste an. F\u00fcr uns bedeutet das intensive Planung im Bereich Crowd Management, Gel\u00e4nde\u00fcberwachung und Brandsicherheitskonzepte.<\/p>\n\n\n\n<p class=\"has-black-color has-white-background-color has-text-color has-background has-link-color wp-elements-233eb87216a84231e1b0bc1e3512668e\">Dar\u00fcber hinaus freuen wir uns, erneut Teil des <strong>SWR1 Sommerfestival<\/strong> auf dem Schlossplatz zu sein. Mit mehreren Programmtagen, einem vielf\u00e4ltigen Kulturprogramm und einer zentralen Lage mitten im Herzen der Stadt stellt auch dieses Festival besondere Anforderungen an Organisation, Sicherheitsstruktur und Einsatzplanung.<\/p>\n\n\n\n<p class=\"has-black-color has-white-background-color has-text-color has-background has-link-color wp-elements-8c79a3a60e9e68fca9f57c178086a915\">Neben diesen gro\u00dfen \u00f6ffentlichen Veranstaltungen begleiten wir nat\u00fcrlich auch zahlreiche <strong>Firmenfeiern, Konferenzen und interne Events von mittelst\u00e4ndischen Unternehmen sowie internationalen Konzernen<\/strong>. Diese Projekte sind oft weniger sichtbar, aber nicht weniger anspruchsvoll \u2013 insbesondere wenn es um Diskretion, VIP-Betreuung oder den Schutz sensibler Bereiche geht.<\/p>\n\n\n\n<p class=\"has-black-color has-white-background-color has-text-color has-background has-link-color wp-elements-790498a92c070d86476a16a78a4c6e7e\">F\u00fcr uns beginnt erfolgreiche Veranstaltungssicherheit lange vor dem Event selbst:<br>mit detaillierter Planung, intensiver Abstimmung mit allen Beteiligten und einem starken Team im Hintergrund.<\/p>\n\n\n\n<p class=\"has-black-color has-white-background-color has-text-color has-background has-link-color wp-elements-2b7ab5f2877bfcb5a7cbcc5fdb9f3c6b\">Wir freuen uns schon jetzt auf ein spannendes Veranstaltungsjahr, viele erfolgreiche Projekte und eine weiterhin vertrauensvolle Zusammenarbeit mit unseren Partnern.<\/p>\n\n\n\n<p class=\"has-black-color has-white-background-color has-text-color has-background has-link-color wp-elements-3489a47441ecede971e53bf5bc7830d9\"><strong>Auf ein erfolgreiches Jahr 2026!<\/strong> \ud83d\udcbc\u2728<\/p>\n\n\n\n<figure class=\"wp-block-gallery has-nested-images columns-default is-cropped wp-block-gallery-1 is-layout-flex wp-block-gallery-is-layout-flex\">\n<figure class=\"wp-block-image size-large\"><img loading=\"lazy\" decoding=\"async\" width=\"768\" height=\"1024\" data-id=\"1294\" src=\"https:\/\/www.xxl-sicherheit.de\/blog\/wp-content\/uploads\/2026\/03\/IMG_2085-3-1-768x1024.jpg\" alt=\"\" class=\"wp-image-1294\" srcset=\"https:\/\/www.xxl-sicherheit.de\/blog\/wp-content\/uploads\/2026\/03\/IMG_2085-3-1-768x1024.jpg 768w, https:\/\/www.xxl-sicherheit.de\/blog\/wp-content\/uploads\/2026\/03\/IMG_2085-3-1-225x300.jpg 225w, https:\/\/www.xxl-sicherheit.de\/blog\/wp-content\/uploads\/2026\/03\/IMG_2085-3-1-1152x1536.jpg 1152w, https:\/\/www.xxl-sicherheit.de\/blog\/wp-content\/uploads\/2026\/03\/IMG_2085-3-1-1536x2048.jpg 1536w, https:\/\/www.xxl-sicherheit.de\/blog\/wp-content\/uploads\/2026\/03\/IMG_2085-3-1-scaled.jpg 1920w\" sizes=\"auto, (max-width: 768px) 100vw, 768px\" \/><\/figure>\n\n\n\n<figure class=\"wp-block-image size-large\"><img loading=\"lazy\" decoding=\"async\" width=\"768\" height=\"1024\" data-id=\"1292\" src=\"https:\/\/www.xxl-sicherheit.de\/blog\/wp-content\/uploads\/2026\/03\/d4f5c62f-1724-4f17-b527-65d22ef67684-768x1024.jpg\" alt=\"\" class=\"wp-image-1292\" srcset=\"https:\/\/www.xxl-sicherheit.de\/blog\/wp-content\/uploads\/2026\/03\/d4f5c62f-1724-4f17-b527-65d22ef67684-768x1024.jpg 768w, https:\/\/www.xxl-sicherheit.de\/blog\/wp-content\/uploads\/2026\/03\/d4f5c62f-1724-4f17-b527-65d22ef67684-225x300.jpg 225w, https:\/\/www.xxl-sicherheit.de\/blog\/wp-content\/uploads\/2026\/03\/d4f5c62f-1724-4f17-b527-65d22ef67684-1152x1536.jpg 1152w, https:\/\/www.xxl-sicherheit.de\/blog\/wp-content\/uploads\/2026\/03\/d4f5c62f-1724-4f17-b527-65d22ef67684.jpg 1500w\" sizes=\"auto, (max-width: 768px) 100vw, 768px\" \/><\/figure>\n\n\n\n<figure class=\"wp-block-image size-large\"><img loading=\"lazy\" decoding=\"async\" width=\"683\" height=\"1024\" data-id=\"1291\" src=\"https:\/\/www.xxl-sicherheit.de\/blog\/wp-content\/uploads\/2026\/03\/200EE979-F2EB-4A3E-A90D-0A63401CD6BC-310-00000020D5B8D81C-683x1024.jpg\" alt=\"\" class=\"wp-image-1291\" srcset=\"https:\/\/www.xxl-sicherheit.de\/blog\/wp-content\/uploads\/2026\/03\/200EE979-F2EB-4A3E-A90D-0A63401CD6BC-310-00000020D5B8D81C-683x1024.jpg 683w, https:\/\/www.xxl-sicherheit.de\/blog\/wp-content\/uploads\/2026\/03\/200EE979-F2EB-4A3E-A90D-0A63401CD6BC-310-00000020D5B8D81C-200x300.jpg 200w, https:\/\/www.xxl-sicherheit.de\/blog\/wp-content\/uploads\/2026\/03\/200EE979-F2EB-4A3E-A90D-0A63401CD6BC-310-00000020D5B8D81C-768x1152.jpg 768w, https:\/\/www.xxl-sicherheit.de\/blog\/wp-content\/uploads\/2026\/03\/200EE979-F2EB-4A3E-A90D-0A63401CD6BC-310-00000020D5B8D81C-1024x1536.jpg 1024w, https:\/\/www.xxl-sicherheit.de\/blog\/wp-content\/uploads\/2026\/03\/200EE979-F2EB-4A3E-A90D-0A63401CD6BC-310-00000020D5B8D81C-1365x2048.jpg 1365w, https:\/\/www.xxl-sicherheit.de\/blog\/wp-content\/uploads\/2026\/03\/200EE979-F2EB-4A3E-A90D-0A63401CD6BC-310-00000020D5B8D81C-scaled.jpg 1707w\" sizes=\"auto, (max-width: 683px) 100vw, 683px\" \/><\/figure>\n<\/figure>\n","protected":false},"excerpt":{"rendered":"<p>W\u00e4hrend f\u00fcr viele Menschen das Jahr gerade erst richtig Fahrt aufnimmt, laufen bei uns bereits die Vorbereitungen f\u00fcr die gro\u00dfen Veranstaltungen im Fr\u00fchjahr und Sommer 2026 auf Hochtouren. In der Event- und Veranstaltungssicherheit beginnt die eigentliche Arbeit oft viele Monate vor dem ersten Besucher \u2013 mit Planung, Abstimmungen und der Entwicklung passgenauer Sicherheitskonzepte. Auch in [&hellip;]<\/p>\n","protected":false},"author":2,"featured_media":0,"comment_status":"closed","ping_status":"open","sticky":false,"template":"","format":"standard","meta":{"_jetpack_memberships_contains_paid_content":false,"footnotes":"","jetpack_publicize_message":"","jetpack_publicize_feature_enabled":true,"jetpack_social_post_already_shared":true,"jetpack_social_options":{"image_generator_settings":{"template":"highway","default_image_id":0,"font":"","enabled":false},"version":2}},"categories":[1],"tags":[],"class_list":["post-1290","post","type-post","status-publish","format-standard","hentry","category-allgemein"],"yoast_head":"<!-- This site is optimized with the Yoast SEO plugin v27.1.1 - https:\/\/yoast.com\/product\/yoast-seo-wordpress\/ -->\n<title>Blick nach vorne: Die Eventplanung f\u00fcr 2026 hat l\u00e4ngst begonnen - XXL-Sicherheit GmbH &amp; CO. KG<\/title>\n<meta name=\"robots\" content=\"index, follow, max-snippet:-1, max-image-preview:large, max-video-preview:-1\" \/>\n<link rel=\"canonical\" href=\"https:\/\/www.xxl-sicherheit.de\/blog\/blick-nach-vorne-die-eventplanung-fuer-2026-hat-laengst-begonnen\/\" \/>\n<meta property=\"og:locale\" content=\"de_DE\" \/>\n<meta property=\"og:type\" content=\"article\" \/>\n<meta property=\"og:title\" content=\"Blick nach vorne: Die Eventplanung f\u00fcr 2026 hat l\u00e4ngst begonnen - XXL-Sicherheit GmbH &amp; CO. KG\" \/>\n<meta property=\"og:description\" content=\"W\u00e4hrend f\u00fcr viele Menschen das Jahr gerade erst richtig Fahrt aufnimmt, laufen bei uns bereits die Vorbereitungen f\u00fcr die gro\u00dfen Veranstaltungen im Fr\u00fchjahr und Sommer 2026 auf Hochtouren. In der Event- und Veranstaltungssicherheit beginnt die eigentliche Arbeit oft viele Monate vor dem ersten Besucher \u2013 mit Planung, Abstimmungen und der Entwicklung passgenauer Sicherheitskonzepte. Auch in [&hellip;]\" \/>\n<meta property=\"og:url\" content=\"https:\/\/www.xxl-sicherheit.de\/blog\/blick-nach-vorne-die-eventplanung-fuer-2026-hat-laengst-begonnen\/\" \/>\n<meta property=\"og:site_name\" content=\"XXL-Sicherheit GmbH &amp; CO. KG\" \/>\n<meta property=\"article:published_time\" content=\"2026-03-06T12:39:43+00:00\" \/>\n<meta property=\"article:modified_time\" content=\"2026-03-06T12:39:44+00:00\" \/>\n<meta property=\"og:image\" content=\"https:\/\/www.xxl-sicherheit.de\/blog\/wp-content\/uploads\/2026\/03\/IMG_2085-3-1-scaled.jpg\" \/>\n\t<meta property=\"og:image:width\" content=\"1920\" \/>\n\t<meta property=\"og:image:height\" content=\"2560\" \/>\n\t<meta property=\"og:image:type\" content=\"image\/jpeg\" \/>\n<meta name=\"author\" content=\"xxlredakteur\" \/>\n<meta name=\"twitter:card\" content=\"summary_large_image\" \/>\n<meta name=\"twitter:label1\" content=\"Verfasst von\" \/>\n\t<meta name=\"twitter:data1\" content=\"xxlredakteur\" \/>\n\t<meta name=\"twitter:label2\" content=\"Gesch\u00e4tzte Lesezeit\" \/>\n\t<meta name=\"twitter:data2\" content=\"3\u00a0Minuten\" \/>\n<script type=\"application\/ld+json\" class=\"yoast-schema-graph\">{\"@context\":\"https:\/\/schema.org\",\"@graph\":[{\"@type\":\"Article\",\"@id\":\"https:\/\/www.xxl-sicherheit.de\/blog\/blick-nach-vorne-die-eventplanung-fuer-2026-hat-laengst-begonnen\/#article\",\"isPartOf\":{\"@id\":\"https:\/\/www.xxl-sicherheit.de\/blog\/blick-nach-vorne-die-eventplanung-fuer-2026-hat-laengst-begonnen\/\"},\"author\":{\"name\":\"xxlredakteur\",\"@id\":\"https:\/\/www.xxl-sicherheit.de\/blog\/#\/schema\/person\/c0bebaad10fe8aa19bb1bec0505a1213\"},\"headline\":\"Blick nach vorne: Die Eventplanung f\u00fcr 2026 hat l\u00e4ngst begonnen\",\"datePublished\":\"2026-03-06T12:39:43+00:00\",\"dateModified\":\"2026-03-06T12:39:44+00:00\",\"mainEntityOfPage\":{\"@id\":\"https:\/\/www.xxl-sicherheit.de\/blog\/blick-nach-vorne-die-eventplanung-fuer-2026-hat-laengst-begonnen\/\"},\"wordCount\":374,\"image\":{\"@id\":\"https:\/\/www.xxl-sicherheit.de\/blog\/blick-nach-vorne-die-eventplanung-fuer-2026-hat-laengst-begonnen\/#primaryimage\"},\"thumbnailUrl\":\"https:\/\/www.xxl-sicherheit.de\/blog\/wp-content\/uploads\/2026\/03\/IMG_2085-3-1-768x1024.jpg\",\"inLanguage\":\"de\"},{\"@type\":\"WebPage\",\"@id\":\"https:\/\/www.xxl-sicherheit.de\/blog\/blick-nach-vorne-die-eventplanung-fuer-2026-hat-laengst-begonnen\/\",\"url\":\"https:\/\/www.xxl-sicherheit.de\/blog\/blick-nach-vorne-die-eventplanung-fuer-2026-hat-laengst-begonnen\/\",\"name\":\"Blick nach vorne: Die Eventplanung f\u00fcr 2026 hat l\u00e4ngst begonnen - XXL-Sicherheit GmbH &amp; CO. KG\",\"isPartOf\":{\"@id\":\"https:\/\/www.xxl-sicherheit.de\/blog\/#website\"},\"primaryImageOfPage\":{\"@id\":\"https:\/\/www.xxl-sicherheit.de\/blog\/blick-nach-vorne-die-eventplanung-fuer-2026-hat-laengst-begonnen\/#primaryimage\"},\"image\":{\"@id\":\"https:\/\/www.xxl-sicherheit.de\/blog\/blick-nach-vorne-die-eventplanung-fuer-2026-hat-laengst-begonnen\/#primaryimage\"},\"thumbnailUrl\":\"https:\/\/www.xxl-sicherheit.de\/blog\/wp-content\/uploads\/2026\/03\/IMG_2085-3-1-768x1024.jpg\",\"datePublished\":\"2026-03-06T12:39:43+00:00\",\"dateModified\":\"2026-03-06T12:39:44+00:00\",\"author\":{\"@id\":\"https:\/\/www.xxl-sicherheit.de\/blog\/#\/schema\/person\/c0bebaad10fe8aa19bb1bec0505a1213\"},\"breadcrumb\":{\"@id\":\"https:\/\/www.xxl-sicherheit.de\/blog\/blick-nach-vorne-die-eventplanung-fuer-2026-hat-laengst-begonnen\/#breadcrumb\"},\"inLanguage\":\"de\",\"potentialAction\":[{\"@type\":\"ReadAction\",\"target\":[\"https:\/\/www.xxl-sicherheit.de\/blog\/blick-nach-vorne-die-eventplanung-fuer-2026-hat-laengst-begonnen\/\"]}]},{\"@type\":\"ImageObject\",\"inLanguage\":\"de\",\"@id\":\"https:\/\/www.xxl-sicherheit.de\/blog\/blick-nach-vorne-die-eventplanung-fuer-2026-hat-laengst-begonnen\/#primaryimage\",\"url\":\"https:\/\/www.xxl-sicherheit.de\/blog\/wp-content\/uploads\/2026\/03\/IMG_2085-3-1-scaled.jpg\",\"contentUrl\":\"https:\/\/www.xxl-sicherheit.de\/blog\/wp-content\/uploads\/2026\/03\/IMG_2085-3-1-scaled.jpg\",\"width\":1920,\"height\":2560},{\"@type\":\"BreadcrumbList\",\"@id\":\"https:\/\/www.xxl-sicherheit.de\/blog\/blick-nach-vorne-die-eventplanung-fuer-2026-hat-laengst-begonnen\/#breadcrumb\",\"itemListElement\":[{\"@type\":\"ListItem\",\"position\":1,\"name\":\"Startseite\",\"item\":\"https:\/\/www.xxl-sicherheit.de\/blog\/\"},{\"@type\":\"ListItem\",\"position\":2,\"name\":\"Blick nach vorne: Die Eventplanung f\u00fcr 2026 hat l\u00e4ngst begonnen\"}]},{\"@type\":\"WebSite\",\"@id\":\"https:\/\/www.xxl-sicherheit.de\/blog\/#website\",\"url\":\"https:\/\/www.xxl-sicherheit.de\/blog\/\",\"name\":\"XXL-Sicherheit GmbH &amp; CO. KG\",\"description\":\"Blog Sicherheitsunternehmen Stuttgart\",\"potentialAction\":[{\"@type\":\"SearchAction\",\"target\":{\"@type\":\"EntryPoint\",\"urlTemplate\":\"https:\/\/www.xxl-sicherheit.de\/blog\/?s={search_term_string}\"},\"query-input\":{\"@type\":\"PropertyValueSpecification\",\"valueRequired\":true,\"valueName\":\"search_term_string\"}}],\"inLanguage\":\"de\"},{\"@type\":\"Person\",\"@id\":\"https:\/\/www.xxl-sicherheit.de\/blog\/#\/schema\/person\/c0bebaad10fe8aa19bb1bec0505a1213\",\"name\":\"xxlredakteur\"}]}<\/script>\n<!-- \/ Yoast SEO plugin. -->","yoast_head_json":{"title":"Blick nach vorne: Die Eventplanung f\u00fcr 2026 hat l\u00e4ngst begonnen - XXL-Sicherheit GmbH &amp; CO. KG","robots":{"index":"index","follow":"follow","max-snippet":"max-snippet:-1","max-image-preview":"max-image-preview:large","max-video-preview":"max-video-preview:-1"},"canonical":"https:\/\/www.xxl-sicherheit.de\/blog\/blick-nach-vorne-die-eventplanung-fuer-2026-hat-laengst-begonnen\/","og_locale":"de_DE","og_type":"article","og_title":"Blick nach vorne: Die Eventplanung f\u00fcr 2026 hat l\u00e4ngst begonnen - XXL-Sicherheit GmbH &amp; CO. KG","og_description":"W\u00e4hrend f\u00fcr viele Menschen das Jahr gerade erst richtig Fahrt aufnimmt, laufen bei uns bereits die Vorbereitungen f\u00fcr die gro\u00dfen Veranstaltungen im Fr\u00fchjahr und Sommer 2026 auf Hochtouren. In der Event- und Veranstaltungssicherheit beginnt die eigentliche Arbeit oft viele Monate vor dem ersten Besucher \u2013 mit Planung, Abstimmungen und der Entwicklung passgenauer Sicherheitskonzepte. Auch in [&hellip;]","og_url":"https:\/\/www.xxl-sicherheit.de\/blog\/blick-nach-vorne-die-eventplanung-fuer-2026-hat-laengst-begonnen\/","og_site_name":"XXL-Sicherheit GmbH &amp; CO. KG","article_published_time":"2026-03-06T12:39:43+00:00","article_modified_time":"2026-03-06T12:39:44+00:00","og_image":[{"width":1920,"height":2560,"url":"https:\/\/www.xxl-sicherheit.de\/blog\/wp-content\/uploads\/2026\/03\/IMG_2085-3-1-scaled.jpg","type":"image\/jpeg"}],"author":"xxlredakteur","twitter_card":"summary_large_image","twitter_misc":{"Verfasst von":"xxlredakteur","Gesch\u00e4tzte Lesezeit":"3\u00a0Minuten"},"schema":{"@context":"https:\/\/schema.org","@graph":[{"@type":"Article","@id":"https:\/\/www.xxl-sicherheit.de\/blog\/blick-nach-vorne-die-eventplanung-fuer-2026-hat-laengst-begonnen\/#article","isPartOf":{"@id":"https:\/\/www.xxl-sicherheit.de\/blog\/blick-nach-vorne-die-eventplanung-fuer-2026-hat-laengst-begonnen\/"},"author":{"name":"xxlredakteur","@id":"https:\/\/www.xxl-sicherheit.de\/blog\/#\/schema\/person\/c0bebaad10fe8aa19bb1bec0505a1213"},"headline":"Blick nach vorne: Die Eventplanung f\u00fcr 2026 hat l\u00e4ngst begonnen","datePublished":"2026-03-06T12:39:43+00:00","dateModified":"2026-03-06T12:39:44+00:00","mainEntityOfPage":{"@id":"https:\/\/www.xxl-sicherheit.de\/blog\/blick-nach-vorne-die-eventplanung-fuer-2026-hat-laengst-begonnen\/"},"wordCount":374,"image":{"@id":"https:\/\/www.xxl-sicherheit.de\/blog\/blick-nach-vorne-die-eventplanung-fuer-2026-hat-laengst-begonnen\/#primaryimage"},"thumbnailUrl":"https:\/\/www.xxl-sicherheit.de\/blog\/wp-content\/uploads\/2026\/03\/IMG_2085-3-1-768x1024.jpg","inLanguage":"de"},{"@type":"WebPage","@id":"https:\/\/www.xxl-sicherheit.de\/blog\/blick-nach-vorne-die-eventplanung-fuer-2026-hat-laengst-begonnen\/","url":"https:\/\/www.xxl-sicherheit.de\/blog\/blick-nach-vorne-die-eventplanung-fuer-2026-hat-laengst-begonnen\/","name":"Blick nach vorne: Die Eventplanung f\u00fcr 2026 hat l\u00e4ngst begonnen - XXL-Sicherheit GmbH &amp; CO. KG","isPartOf":{"@id":"https:\/\/www.xxl-sicherheit.de\/blog\/#website"},"primaryImageOfPage":{"@id":"https:\/\/www.xxl-sicherheit.de\/blog\/blick-nach-vorne-die-eventplanung-fuer-2026-hat-laengst-begonnen\/#primaryimage"},"image":{"@id":"https:\/\/www.xxl-sicherheit.de\/blog\/blick-nach-vorne-die-eventplanung-fuer-2026-hat-laengst-begonnen\/#primaryimage"},"thumbnailUrl":"https:\/\/www.xxl-sicherheit.de\/blog\/wp-content\/uploads\/2026\/03\/IMG_2085-3-1-768x1024.jpg","datePublished":"2026-03-06T12:39:43+00:00","dateModified":"2026-03-06T12:39:44+00:00","author":{"@id":"https:\/\/www.xxl-sicherheit.de\/blog\/#\/schema\/person\/c0bebaad10fe8aa19bb1bec0505a1213"},"breadcrumb":{"@id":"https:\/\/www.xxl-sicherheit.de\/blog\/blick-nach-vorne-die-eventplanung-fuer-2026-hat-laengst-begonnen\/#breadcrumb"},"inLanguage":"de","potentialAction":[{"@type":"ReadAction","target":["https:\/\/www.xxl-sicherheit.de\/blog\/blick-nach-vorne-die-eventplanung-fuer-2026-hat-laengst-begonnen\/"]}]},{"@type":"ImageObject","inLanguage":"de","@id":"https:\/\/www.xxl-sicherheit.de\/blog\/blick-nach-vorne-die-eventplanung-fuer-2026-hat-laengst-begonnen\/#primaryimage","url":"https:\/\/www.xxl-sicherheit.de\/blog\/wp-content\/uploads\/2026\/03\/IMG_2085-3-1-scaled.jpg","contentUrl":"https:\/\/www.xxl-sicherheit.de\/blog\/wp-content\/uploads\/2026\/03\/IMG_2085-3-1-scaled.jpg","width":1920,"height":2560},{"@type":"BreadcrumbList","@id":"https:\/\/www.xxl-sicherheit.de\/blog\/blick-nach-vorne-die-eventplanung-fuer-2026-hat-laengst-begonnen\/#breadcrumb","itemListElement":[{"@type":"ListItem","position":1,"name":"Startseite","item":"https:\/\/www.xxl-sicherheit.de\/blog\/"},{"@type":"ListItem","position":2,"name":"Blick nach vorne: Die Eventplanung f\u00fcr 2026 hat l\u00e4ngst begonnen"}]},{"@type":"WebSite","@id":"https:\/\/www.xxl-sicherheit.de\/blog\/#website","url":"https:\/\/www.xxl-sicherheit.de\/blog\/","name":"XXL-Sicherheit GmbH &amp; CO. KG","description":"Blog Sicherheitsunternehmen Stuttgart","potentialAction":[{"@type":"SearchAction","target":{"@type":"EntryPoint","urlTemplate":"https:\/\/www.xxl-sicherheit.de\/blog\/?s={search_term_string}"},"query-input":{"@type":"PropertyValueSpecification","valueRequired":true,"valueName":"search_term_string"}}],"inLanguage":"de"},{"@type":"Person","@id":"https:\/\/www.xxl-sicherheit.de\/blog\/#\/schema\/person\/c0bebaad10fe8aa19bb1bec0505a1213","name":"xxlredakteur"}]}},"jetpack_publicize_connections":[],"jetpack_featured_media_url":"","jetpack_sharing_enabled":true,"jetpack_shortlink":"https:\/\/wp.me\/p8Tvkx-kO","_links":{"self":[{"href":"https:\/\/www.xxl-sicherheit.de\/blog\/wp-json\/wp\/v2\/posts\/1290","targetHints":{"allow":["GET"]}}],"collection":[{"href":"https:\/\/www.xxl-sicherheit.de\/blog\/wp-json\/wp\/v2\/posts"}],"about":[{"href":"https:\/\/www.xxl-sicherheit.de\/blog\/wp-json\/wp\/v2\/types\/post"}],"author":[{"embeddable":true,"href":"https:\/\/www.xxl-sicherheit.de\/blog\/wp-json\/wp\/v2\/users\/2"}],"replies":[{"embeddable":true,"href":"https:\/\/www.xxl-sicherheit.de\/blog\/wp-json\/wp\/v2\/comments?post=1290"}],"version-history":[{"count":1,"href":"https:\/\/www.xxl-sicherheit.de\/blog\/wp-json\/wp\/v2\/posts\/1290\/revisions"}],"predecessor-version":[{"id":1295,"href":"https:\/\/www.xxl-sicherheit.de\/blog\/wp-json\/wp\/v2\/posts\/1290\/revisions\/1295"}],"wp:attachment":[{"href":"https:\/\/www.xxl-sicherheit.de\/blog\/wp-json\/wp\/v2\/media?parent=1290"}],"wp:term":[{"taxonomy":"category","embeddable":true,"href":"https:\/\/www.xxl-sicherheit.de\/blog\/wp-json\/wp\/v2\/categories?post=1290"},{"taxonomy":"post_tag","embeddable":true,"href":"https:\/\/www.xxl-sicherheit.de\/blog\/wp-json\/wp\/v2\/tags?post=1290"}],"curies":[{"name":"wp","href":"https:\/\/api.w.org\/{rel}","templated":true}]}}