{"id":1103,"date":"2023-06-12T15:11:56","date_gmt":"2023-06-12T13:11:56","guid":{"rendered":"https:\/\/www.xxl-sicherheit.de\/blog\/?p=1103"},"modified":"2023-06-12T15:11:57","modified_gmt":"2023-06-12T13:11:57","slug":"porsche-75-jahre-jubilaeumsfeier","status":"publish","type":"post","link":"https:\/\/www.xxl-sicherheit.de\/blog\/porsche-75-jahre-jubilaeumsfeier\/","title":{"rendered":"Porsche 75 Jahre Jubil\u00e4umsfeier"},"content":{"rendered":"\n<p class=\"has-black-color has-very-light-gray-to-cyan-bluish-gray-gradient-background has-text-color has-background\">800 geladene G\u00e4ste, u. a. Familie Porsche, Piech, hochrangige Vertreter aus Politik und Wissenschaft, trafen sich am 08.06.23 in Stuttgart um den 75. Geburtstag des Porschekonzern zu feiern. <\/p>\n\n\n\n<p class=\"has-black-color has-very-light-gray-to-cyan-bluish-gray-gradient-background has-text-color has-background\">Eine traumhafte Kulisse vor dem Museum, einzigartige Fahrzeuge, eine fantastische Illumination durch 500 Scheinwerfer, verzauberten den Porscheplatz in ein Lichtermeer. F\u00fcr die G\u00e4ste ein gelungener Abend und f\u00fcr XXL die perfekte M\u00f6glichkeit zu zeigen, wer wir sind und was wir k\u00f6nnen!<\/p>\n\n\n\n<p class=\"has-black-color has-very-light-gray-to-cyan-bluish-gray-gradient-background has-text-color has-background\">Zun\u00e4chst begann alles mit einem Unwetter, Gewitter, Starkregen und Windb\u00f6en. Anschlie\u00dfend wieder Aufbau der Gitterlinien und die Unterst\u00fctzung bei der Trocknung der Trib\u00fcne. Dann vier Stunden ausharren, bis die ersten St\u00f6rer (Klimaaktivisten) im Bereich der S-Bahn-Haltestelle identifiziert wurden. Zwar klebten sich die Aktivisten im weiteren Verlauf des Abends um das Areal fest, nicht jedoch in unserem Eventbereich. Heikel wurde es um 22:05 Uhr (p\u00fcnktlich mit Showbeginn), als Aktivisten versuchten die Barrieren im Bereich der Schwieberdingerstra\u00dfe zu durchdringen. Aufgrund unserer Pr\u00e4senz in diesem Einsatzabschnitt und unserer schnellen Reaktion, konnten wir schlimmeres verhindern. Die Show konnte wie geplant durchgef\u00fchrt werden!<\/p>\n\n\n\n<p class=\"has-black-color has-very-light-gray-to-cyan-bluish-gray-gradient-background has-text-color has-background\"><strong>Ihnen \u2013 HERZLICHEN DANK f\u00fcr Ihren tollen Einsatz, Ihr Durchhalteverm\u00f6gen und Ihre Souver\u00e4nit\u00e4t bei der Umsetzung unseres Auftrages!<\/strong><\/p>\n\n\n\n<p class=\"has-black-color has-very-light-gray-to-cyan-bluish-gray-gradient-background has-text-color has-background\">Und falls Sie nichts von der Show gesehen haben (wie wir alle&nbsp;\ud83d\ude0a), einfach den beigef\u00fcgten Link anklicken und sich von den Bildern und Farben begeistern lassen.<\/p>\n\n\n\n<p class=\"has-black-color has-very-light-gray-to-cyan-bluish-gray-gradient-background has-text-color has-background\"><a href=\"https:\/\/www.youtube.com\/watch?v=6EYiAEt_mrA&amp;t=3660s\">Die gro\u00dfe Jubil\u00e4umsshow \u201e75 Jahre Porsche Sportwagen\u201c live. &#8211; YouTube<\/a><\/p>\n\n\n\n<figure class=\"wp-block-gallery has-nested-images columns-default is-cropped wp-block-gallery-1 is-layout-flex wp-block-gallery-is-layout-flex\">\n<figure class=\"wp-block-image size-large\"><img loading=\"lazy\" decoding=\"async\" width=\"1024\" height=\"768\" data-id=\"1105\" src=\"https:\/\/www.xxl-sicherheit.de\/blog\/wp-content\/uploads\/2023\/06\/S23_0970_fine-1024x768.jpg\" alt=\"\" class=\"wp-image-1105\" srcset=\"https:\/\/www.xxl-sicherheit.de\/blog\/wp-content\/uploads\/2023\/06\/S23_0970_fine-1024x768.jpg 1024w, https:\/\/www.xxl-sicherheit.de\/blog\/wp-content\/uploads\/2023\/06\/S23_0970_fine-300x225.jpg 300w, https:\/\/www.xxl-sicherheit.de\/blog\/wp-content\/uploads\/2023\/06\/S23_0970_fine-768x576.jpg 768w, https:\/\/www.xxl-sicherheit.de\/blog\/wp-content\/uploads\/2023\/06\/S23_0970_fine-1536x1152.jpg 1536w, https:\/\/www.xxl-sicherheit.de\/blog\/wp-content\/uploads\/2023\/06\/S23_0970_fine-2048x1536.jpg 2048w\" sizes=\"auto, (max-width: 1024px) 100vw, 1024px\" \/><figcaption class=\"wp-element-caption\">Porsche Mission X &#8211; Frontansicht<\/figcaption><\/figure>\n\n\n\n<figure class=\"wp-block-image size-large\"><img loading=\"lazy\" decoding=\"async\" width=\"1024\" height=\"669\" data-id=\"1104\" src=\"https:\/\/www.xxl-sicherheit.de\/blog\/wp-content\/uploads\/2023\/06\/S23_0969_fine-1024x669.jpg\" alt=\"\" class=\"wp-image-1104\" srcset=\"https:\/\/www.xxl-sicherheit.de\/blog\/wp-content\/uploads\/2023\/06\/S23_0969_fine-1024x669.jpg 1024w, https:\/\/www.xxl-sicherheit.de\/blog\/wp-content\/uploads\/2023\/06\/S23_0969_fine-300x196.jpg 300w, https:\/\/www.xxl-sicherheit.de\/blog\/wp-content\/uploads\/2023\/06\/S23_0969_fine-768x502.jpg 768w, https:\/\/www.xxl-sicherheit.de\/blog\/wp-content\/uploads\/2023\/06\/S23_0969_fine-1536x1003.jpg 1536w, https:\/\/www.xxl-sicherheit.de\/blog\/wp-content\/uploads\/2023\/06\/S23_0969_fine-2048x1338.jpg 2048w\" sizes=\"auto, (max-width: 1024px) 100vw, 1024px\" \/><figcaption class=\"wp-element-caption\">Porsche Mission X &#8211; Seitenansicht <\/figcaption><\/figure>\n<\/figure>\n","protected":false},"excerpt":{"rendered":"<p>800 geladene G\u00e4ste, u. a. Familie Porsche, Piech, hochrangige Vertreter aus Politik und Wissenschaft, trafen sich am 08.06.23 in Stuttgart um den 75. Geburtstag des Porschekonzern zu feiern. Eine traumhafte Kulisse vor dem Museum, einzigartige Fahrzeuge, eine fantastische Illumination durch 500 Scheinwerfer, verzauberten den Porscheplatz in ein Lichtermeer. F\u00fcr die G\u00e4ste ein gelungener Abend und [&hellip;]<\/p>\n","protected":false},"author":2,"featured_media":0,"comment_status":"closed","ping_status":"open","sticky":false,"template":"","format":"standard","meta":{"_jetpack_memberships_contains_paid_content":false,"footnotes":"","jetpack_publicize_message":"","jetpack_publicize_feature_enabled":true,"jetpack_social_post_already_shared":true,"jetpack_social_options":{"image_generator_settings":{"template":"highway","default_image_id":0,"font":"","enabled":false},"version":2}},"categories":[1],"tags":[8],"class_list":["post-1103","post","type-post","status-publish","format-standard","hentry","category-allgemein","tag-porsche"],"yoast_head":"<!-- This site is optimized with the Yoast SEO plugin v27.1.1 - https:\/\/yoast.com\/product\/yoast-seo-wordpress\/ -->\n<title>Porsche 75 Jahre Jubil\u00e4umsfeier - XXL-Sicherheit GmbH &amp; CO. KG<\/title>\n<meta name=\"description\" content=\"800 geladene G\u00e4ste, u. a. Familie Porsche, Piech, trafen sich am 08.06. in Stuttgart um den 75 Geburtstag des Porschekonzern zu feiern.\" \/>\n<meta name=\"robots\" content=\"index, follow, max-snippet:-1, max-image-preview:large, max-video-preview:-1\" \/>\n<link rel=\"canonical\" href=\"https:\/\/www.xxl-sicherheit.de\/blog\/porsche-75-jahre-jubilaeumsfeier\/\" \/>\n<meta property=\"og:locale\" content=\"de_DE\" \/>\n<meta property=\"og:type\" content=\"article\" \/>\n<meta property=\"og:title\" content=\"Porsche 75 Jahre Jubil\u00e4umsfeier - XXL-Sicherheit GmbH &amp; CO. KG\" \/>\n<meta property=\"og:description\" content=\"800 geladene G\u00e4ste, u. a. Familie Porsche, Piech, trafen sich am 08.06. in Stuttgart um den 75 Geburtstag des Porschekonzern zu feiern.\" \/>\n<meta property=\"og:url\" content=\"https:\/\/www.xxl-sicherheit.de\/blog\/porsche-75-jahre-jubilaeumsfeier\/\" \/>\n<meta property=\"og:site_name\" content=\"XXL-Sicherheit GmbH &amp; CO. KG\" \/>\n<meta property=\"article:published_time\" content=\"2023-06-12T13:11:56+00:00\" \/>\n<meta property=\"article:modified_time\" content=\"2023-06-12T13:11:57+00:00\" \/>\n<meta property=\"og:image\" content=\"https:\/\/www.xxl-sicherheit.de\/blog\/wp-content\/uploads\/2023\/06\/S23_0970_fine-1024x768.jpg\" \/>\n<meta name=\"author\" content=\"xxlredakteur\" \/>\n<meta name=\"twitter:card\" content=\"summary_large_image\" \/>\n<meta name=\"twitter:label1\" content=\"Verfasst von\" \/>\n\t<meta name=\"twitter:data1\" content=\"xxlredakteur\" \/>\n\t<meta name=\"twitter:label2\" content=\"Gesch\u00e4tzte Lesezeit\" \/>\n\t<meta name=\"twitter:data2\" content=\"2\u00a0Minuten\" \/>\n<script type=\"application\/ld+json\" class=\"yoast-schema-graph\">{\"@context\":\"https:\/\/schema.org\",\"@graph\":[{\"@type\":\"Article\",\"@id\":\"https:\/\/www.xxl-sicherheit.de\/blog\/porsche-75-jahre-jubilaeumsfeier\/#article\",\"isPartOf\":{\"@id\":\"https:\/\/www.xxl-sicherheit.de\/blog\/porsche-75-jahre-jubilaeumsfeier\/\"},\"author\":{\"name\":\"xxlredakteur\",\"@id\":\"https:\/\/www.xxl-sicherheit.de\/blog\/#\/schema\/person\/c0bebaad10fe8aa19bb1bec0505a1213\"},\"headline\":\"Porsche 75 Jahre Jubil\u00e4umsfeier\",\"datePublished\":\"2023-06-12T13:11:56+00:00\",\"dateModified\":\"2023-06-12T13:11:57+00:00\",\"mainEntityOfPage\":{\"@id\":\"https:\/\/www.xxl-sicherheit.de\/blog\/porsche-75-jahre-jubilaeumsfeier\/\"},\"wordCount\":252,\"image\":{\"@id\":\"https:\/\/www.xxl-sicherheit.de\/blog\/porsche-75-jahre-jubilaeumsfeier\/#primaryimage\"},\"thumbnailUrl\":\"https:\/\/www.xxl-sicherheit.de\/blog\/wp-content\/uploads\/2023\/06\/S23_0970_fine-1024x768.jpg\",\"keywords\":[\"Porsche\"],\"inLanguage\":\"de\"},{\"@type\":\"WebPage\",\"@id\":\"https:\/\/www.xxl-sicherheit.de\/blog\/porsche-75-jahre-jubilaeumsfeier\/\",\"url\":\"https:\/\/www.xxl-sicherheit.de\/blog\/porsche-75-jahre-jubilaeumsfeier\/\",\"name\":\"Porsche 75 Jahre Jubil\u00e4umsfeier - XXL-Sicherheit GmbH &amp; CO. KG\",\"isPartOf\":{\"@id\":\"https:\/\/www.xxl-sicherheit.de\/blog\/#website\"},\"primaryImageOfPage\":{\"@id\":\"https:\/\/www.xxl-sicherheit.de\/blog\/porsche-75-jahre-jubilaeumsfeier\/#primaryimage\"},\"image\":{\"@id\":\"https:\/\/www.xxl-sicherheit.de\/blog\/porsche-75-jahre-jubilaeumsfeier\/#primaryimage\"},\"thumbnailUrl\":\"https:\/\/www.xxl-sicherheit.de\/blog\/wp-content\/uploads\/2023\/06\/S23_0970_fine-1024x768.jpg\",\"datePublished\":\"2023-06-12T13:11:56+00:00\",\"dateModified\":\"2023-06-12T13:11:57+00:00\",\"author\":{\"@id\":\"https:\/\/www.xxl-sicherheit.de\/blog\/#\/schema\/person\/c0bebaad10fe8aa19bb1bec0505a1213\"},\"description\":\"800 geladene G\u00e4ste, u. a. Familie Porsche, Piech, trafen sich am 08.06. in Stuttgart um den 75 Geburtstag des Porschekonzern zu feiern.\",\"breadcrumb\":{\"@id\":\"https:\/\/www.xxl-sicherheit.de\/blog\/porsche-75-jahre-jubilaeumsfeier\/#breadcrumb\"},\"inLanguage\":\"de\",\"potentialAction\":[{\"@type\":\"ReadAction\",\"target\":[\"https:\/\/www.xxl-sicherheit.de\/blog\/porsche-75-jahre-jubilaeumsfeier\/\"]}]},{\"@type\":\"ImageObject\",\"inLanguage\":\"de\",\"@id\":\"https:\/\/www.xxl-sicherheit.de\/blog\/porsche-75-jahre-jubilaeumsfeier\/#primaryimage\",\"url\":\"https:\/\/www.xxl-sicherheit.de\/blog\/wp-content\/uploads\/2023\/06\/S23_0970_fine-1024x768.jpg\",\"contentUrl\":\"https:\/\/www.xxl-sicherheit.de\/blog\/wp-content\/uploads\/2023\/06\/S23_0970_fine-1024x768.jpg\"},{\"@type\":\"BreadcrumbList\",\"@id\":\"https:\/\/www.xxl-sicherheit.de\/blog\/porsche-75-jahre-jubilaeumsfeier\/#breadcrumb\",\"itemListElement\":[{\"@type\":\"ListItem\",\"position\":1,\"name\":\"Startseite\",\"item\":\"https:\/\/www.xxl-sicherheit.de\/blog\/\"},{\"@type\":\"ListItem\",\"position\":2,\"name\":\"Porsche 75 Jahre Jubil\u00e4umsfeier\"}]},{\"@type\":\"WebSite\",\"@id\":\"https:\/\/www.xxl-sicherheit.de\/blog\/#website\",\"url\":\"https:\/\/www.xxl-sicherheit.de\/blog\/\",\"name\":\"XXL-Sicherheit GmbH &amp; CO. KG\",\"description\":\"Blog Sicherheitsunternehmen Stuttgart\",\"potentialAction\":[{\"@type\":\"SearchAction\",\"target\":{\"@type\":\"EntryPoint\",\"urlTemplate\":\"https:\/\/www.xxl-sicherheit.de\/blog\/?s={search_term_string}\"},\"query-input\":{\"@type\":\"PropertyValueSpecification\",\"valueRequired\":true,\"valueName\":\"search_term_string\"}}],\"inLanguage\":\"de\"},{\"@type\":\"Person\",\"@id\":\"https:\/\/www.xxl-sicherheit.de\/blog\/#\/schema\/person\/c0bebaad10fe8aa19bb1bec0505a1213\",\"name\":\"xxlredakteur\"}]}<\/script>\n<!-- \/ Yoast SEO plugin. -->","yoast_head_json":{"title":"Porsche 75 Jahre Jubil\u00e4umsfeier - XXL-Sicherheit GmbH &amp; CO. KG","description":"800 geladene G\u00e4ste, u. a. Familie Porsche, Piech, trafen sich am 08.06. in Stuttgart um den 75 Geburtstag des Porschekonzern zu feiern.","robots":{"index":"index","follow":"follow","max-snippet":"max-snippet:-1","max-image-preview":"max-image-preview:large","max-video-preview":"max-video-preview:-1"},"canonical":"https:\/\/www.xxl-sicherheit.de\/blog\/porsche-75-jahre-jubilaeumsfeier\/","og_locale":"de_DE","og_type":"article","og_title":"Porsche 75 Jahre Jubil\u00e4umsfeier - XXL-Sicherheit GmbH &amp; CO. KG","og_description":"800 geladene G\u00e4ste, u. a. Familie Porsche, Piech, trafen sich am 08.06. in Stuttgart um den 75 Geburtstag des Porschekonzern zu feiern.","og_url":"https:\/\/www.xxl-sicherheit.de\/blog\/porsche-75-jahre-jubilaeumsfeier\/","og_site_name":"XXL-Sicherheit GmbH &amp; CO. KG","article_published_time":"2023-06-12T13:11:56+00:00","article_modified_time":"2023-06-12T13:11:57+00:00","og_image":[{"url":"https:\/\/www.xxl-sicherheit.de\/blog\/wp-content\/uploads\/2023\/06\/S23_0970_fine-1024x768.jpg","type":"","width":"","height":""}],"author":"xxlredakteur","twitter_card":"summary_large_image","twitter_misc":{"Verfasst von":"xxlredakteur","Gesch\u00e4tzte Lesezeit":"2\u00a0Minuten"},"schema":{"@context":"https:\/\/schema.org","@graph":[{"@type":"Article","@id":"https:\/\/www.xxl-sicherheit.de\/blog\/porsche-75-jahre-jubilaeumsfeier\/#article","isPartOf":{"@id":"https:\/\/www.xxl-sicherheit.de\/blog\/porsche-75-jahre-jubilaeumsfeier\/"},"author":{"name":"xxlredakteur","@id":"https:\/\/www.xxl-sicherheit.de\/blog\/#\/schema\/person\/c0bebaad10fe8aa19bb1bec0505a1213"},"headline":"Porsche 75 Jahre Jubil\u00e4umsfeier","datePublished":"2023-06-12T13:11:56+00:00","dateModified":"2023-06-12T13:11:57+00:00","mainEntityOfPage":{"@id":"https:\/\/www.xxl-sicherheit.de\/blog\/porsche-75-jahre-jubilaeumsfeier\/"},"wordCount":252,"image":{"@id":"https:\/\/www.xxl-sicherheit.de\/blog\/porsche-75-jahre-jubilaeumsfeier\/#primaryimage"},"thumbnailUrl":"https:\/\/www.xxl-sicherheit.de\/blog\/wp-content\/uploads\/2023\/06\/S23_0970_fine-1024x768.jpg","keywords":["Porsche"],"inLanguage":"de"},{"@type":"WebPage","@id":"https:\/\/www.xxl-sicherheit.de\/blog\/porsche-75-jahre-jubilaeumsfeier\/","url":"https:\/\/www.xxl-sicherheit.de\/blog\/porsche-75-jahre-jubilaeumsfeier\/","name":"Porsche 75 Jahre Jubil\u00e4umsfeier - XXL-Sicherheit GmbH &amp; CO. KG","isPartOf":{"@id":"https:\/\/www.xxl-sicherheit.de\/blog\/#website"},"primaryImageOfPage":{"@id":"https:\/\/www.xxl-sicherheit.de\/blog\/porsche-75-jahre-jubilaeumsfeier\/#primaryimage"},"image":{"@id":"https:\/\/www.xxl-sicherheit.de\/blog\/porsche-75-jahre-jubilaeumsfeier\/#primaryimage"},"thumbnailUrl":"https:\/\/www.xxl-sicherheit.de\/blog\/wp-content\/uploads\/2023\/06\/S23_0970_fine-1024x768.jpg","datePublished":"2023-06-12T13:11:56+00:00","dateModified":"2023-06-12T13:11:57+00:00","author":{"@id":"https:\/\/www.xxl-sicherheit.de\/blog\/#\/schema\/person\/c0bebaad10fe8aa19bb1bec0505a1213"},"description":"800 geladene G\u00e4ste, u. a. Familie Porsche, Piech, trafen sich am 08.06. in Stuttgart um den 75 Geburtstag des Porschekonzern zu feiern.","breadcrumb":{"@id":"https:\/\/www.xxl-sicherheit.de\/blog\/porsche-75-jahre-jubilaeumsfeier\/#breadcrumb"},"inLanguage":"de","potentialAction":[{"@type":"ReadAction","target":["https:\/\/www.xxl-sicherheit.de\/blog\/porsche-75-jahre-jubilaeumsfeier\/"]}]},{"@type":"ImageObject","inLanguage":"de","@id":"https:\/\/www.xxl-sicherheit.de\/blog\/porsche-75-jahre-jubilaeumsfeier\/#primaryimage","url":"https:\/\/www.xxl-sicherheit.de\/blog\/wp-content\/uploads\/2023\/06\/S23_0970_fine-1024x768.jpg","contentUrl":"https:\/\/www.xxl-sicherheit.de\/blog\/wp-content\/uploads\/2023\/06\/S23_0970_fine-1024x768.jpg"},{"@type":"BreadcrumbList","@id":"https:\/\/www.xxl-sicherheit.de\/blog\/porsche-75-jahre-jubilaeumsfeier\/#breadcrumb","itemListElement":[{"@type":"ListItem","position":1,"name":"Startseite","item":"https:\/\/www.xxl-sicherheit.de\/blog\/"},{"@type":"ListItem","position":2,"name":"Porsche 75 Jahre Jubil\u00e4umsfeier"}]},{"@type":"WebSite","@id":"https:\/\/www.xxl-sicherheit.de\/blog\/#website","url":"https:\/\/www.xxl-sicherheit.de\/blog\/","name":"XXL-Sicherheit GmbH &amp; CO. KG","description":"Blog Sicherheitsunternehmen Stuttgart","potentialAction":[{"@type":"SearchAction","target":{"@type":"EntryPoint","urlTemplate":"https:\/\/www.xxl-sicherheit.de\/blog\/?s={search_term_string}"},"query-input":{"@type":"PropertyValueSpecification","valueRequired":true,"valueName":"search_term_string"}}],"inLanguage":"de"},{"@type":"Person","@id":"https:\/\/www.xxl-sicherheit.de\/blog\/#\/schema\/person\/c0bebaad10fe8aa19bb1bec0505a1213","name":"xxlredakteur"}]}},"jetpack_publicize_connections":[],"jetpack_featured_media_url":"","jetpack_sharing_enabled":true,"jetpack_shortlink":"https:\/\/wp.me\/p8Tvkx-hN","_links":{"self":[{"href":"https:\/\/www.xxl-sicherheit.de\/blog\/wp-json\/wp\/v2\/posts\/1103","targetHints":{"allow":["GET"]}}],"collection":[{"href":"https:\/\/www.xxl-sicherheit.de\/blog\/wp-json\/wp\/v2\/posts"}],"about":[{"href":"https:\/\/www.xxl-sicherheit.de\/blog\/wp-json\/wp\/v2\/types\/post"}],"author":[{"embeddable":true,"href":"https:\/\/www.xxl-sicherheit.de\/blog\/wp-json\/wp\/v2\/users\/2"}],"replies":[{"embeddable":true,"href":"https:\/\/www.xxl-sicherheit.de\/blog\/wp-json\/wp\/v2\/comments?post=1103"}],"version-history":[{"count":4,"href":"https:\/\/www.xxl-sicherheit.de\/blog\/wp-json\/wp\/v2\/posts\/1103\/revisions"}],"predecessor-version":[{"id":1114,"href":"https:\/\/www.xxl-sicherheit.de\/blog\/wp-json\/wp\/v2\/posts\/1103\/revisions\/1114"}],"wp:attachment":[{"href":"https:\/\/www.xxl-sicherheit.de\/blog\/wp-json\/wp\/v2\/media?parent=1103"}],"wp:term":[{"taxonomy":"category","embeddable":true,"href":"https:\/\/www.xxl-sicherheit.de\/blog\/wp-json\/wp\/v2\/categories?post=1103"},{"taxonomy":"post_tag","embeddable":true,"href":"https:\/\/www.xxl-sicherheit.de\/blog\/wp-json\/wp\/v2\/tags?post=1103"}],"curies":[{"name":"wp","href":"https:\/\/api.w.org\/{rel}","templated":true}]}}